{"id":4187,"date":"2022-08-29T13:06:05","date_gmt":"2022-08-29T11:06:05","guid":{"rendered":"https:\/\/www.p-didakt.com\/blog\/?p=4187"},"modified":"2023-03-24T12:19:17","modified_gmt":"2023-03-24T11:19:17","slug":"digitales-training-welche-innovativen-loesungen-zuenden","status":"publish","type":"post","link":"https:\/\/www.p-didakt.com\/blog\/digitales-training-welche-innovativen-loesungen-zuenden\/","title":{"rendered":"Digitales Training: Welche innovativen L\u00f6sungen z\u00fcnden?"},"content":{"rendered":"\n<p><strong><mark style=\"background-color:rgba(0, 0, 0, 0)\" class=\"has-inline-color has-vivid-cyan-blue-color\">Zusatztermin: 23.09.2922; 10:30 &#8211; 12 Uhr &#8211; noch wenige Pl\u00e4tze vorhanden<\/mark><\/strong><\/p>\n\n\n\n<p>Selten vergeht ein Tag ohne Produktvorstellungen f\u00fcr innovative L\u00f6sungen im digitalen Training. Was aus der gro\u00dfen bunten Welt der Innovationen ist bei Ihnen und anderen Unternehmen im Einsatz oder im Gespr\u00e4ch? <\/p>\n\n\n\n<!--more-->\n\n\n\n<p>Wir laden Sie ein zu einem kurzen, intensiven Austausch aus Anwender-Sicht und diskutieren mit Ihnen:<br>Wie z\u00fcnden Leistungsversprechen und neue Ans\u00e4tze im digitalen Training bei Ihnen? Z. B. zu adaptivem Lernen, zu VR \/ AR \/ 3D-Themen, zu externen Trainings, Social Learning, Badgets. Welche Erfahrungen haben Sie und andere Trainingsverantwortliche dazu gemacht &#8211; welche Fragen sind offen? <\/p>\n\n\n\n<p><strong>Der Rahmen<\/strong>: Unser bew\u00e4hrtes virtuelles &#8222;<strong>Zweites Fr\u00fchst\u00fcck<\/strong>&#8222;:<\/p>\n\n\n\n<ul class=\"wp-block-list\">\n<li>ein moderierter Online-Erfahrungsaustausch in entspannter Atmosph\u00e4re <\/li>\n\n\n\n<li>als TEAMS-Meeting <\/li>\n\n\n\n<li>mit visueller Unterst\u00fctzung durch ein MIRO-Board<\/li>\n\n\n\n<li>maximal 12 Teilnehmer*innen aus KMUs und Konzernen unterschiedlicher Branchen. <\/li>\n\n\n\n<li><strong><mark style=\"background-color:rgba(0, 0, 0, 0)\" class=\"has-inline-color has-vivid-cyan-blue-color\">Wann? <\/mark><\/strong><mark style=\"background-color:rgba(0, 0, 0, 0)\" class=\"has-inline-color has-vivid-red-color\"><strong>21.09.2022; 10:30 &#8211; 12 Uhr.<\/strong> <\/mark><strong><mark style=\"background-color:rgba(0, 0, 0, 0)\" class=\"has-inline-color has-vivid-red-color\">Ausgebucht<\/mark><\/strong>.<br><strong><mark style=\"background-color:rgba(0, 0, 0, 0)\" class=\"has-inline-color has-vivid-cyan-blue-color\">Zusatztermin: 23.09.2922; 10:30 &#8211; 12 Uhr &#8211; noch wenige Pl\u00e4tze vorhanden<\/mark><\/strong><\/li>\n<\/ul>\n\n\n\n<p><strong>Der Ablauf:<\/strong><\/p>\n\n\n\n<p>Als Trainingsverantwortliche in Unternehmen bringen wir Sie ins Gespr\u00e4ch miteinander:<\/p>\n\n\n\n<ul class=\"wp-block-list\">\n<li>mit einer Sammlung und Kurzvorstellung innovativer Ans\u00e4tze &#8211; und einer Diskussion zu deren Attraktivit\u00e4t,   <\/li>\n\n\n\n<li>in einem Austausch zu Ihren konkreten Erfahrungen: z. B. zu Aufwand und Nutzen und im Zusammenspiel mit bestehenden L\u00f6sungen, <\/li>\n\n\n\n<li>\u00fcber einen reflektierenden Blick auf Ihre Trainingsanforderungen der Zukunft.<\/li>\n<\/ul>\n\n\n\n<p>Wir freuen uns auf den Austausch mit Ihnen!<br><strong>Jetzt anmelden<\/strong> bei Jasmin Hamadeh: <a href=\"&#x6d;a&#x69;&#108;&#x74;&#111;:&#x6a;&#104;&#x40;&#112;-&#x64;&#105;&#x64;&#97;k&#x74;&#46;&#x63;&#111;&#x6d;?subject=Erfahrungsaustausch%2021.09.2022\">&#x6a;&#x68;&#x40;&#x70;&#x2d;&#x64;&#x69;&#x64;&#x61;&#x6b;&#x74;&#46;&#99;&#111;&#109;<\/a>. First come, first serve. <\/p>\n\n\n\n<p>***********************************<br>Save the Date. N\u00e4chstes Zweites Fr\u00fchst\u00fcck:<br>\u201e<strong>Pragmatische L\u00f6sungen f\u00fcr die Content-Erstellung<\/strong>&#8222;<br>03.11.2022; 10:30 &#8211; 12 Uhr<\/p>\n\n\n\n<p>Anmeldungen auch \u00fcber <a href=\"&#x6d;&#x61;&#x69;&#108;&#116;&#111;:j&#x68;&#x40;&#x70;&#x2d;&#100;&#105;da&#x6b;&#x74;&#x2e;&#x63;&#111;&#109;\">jh&#64;p-d&#105;&#100;&#97;&#107;&#116;&#46;&#99;&#x6f;&#x6d;<\/a><br><\/p>\n","protected":false},"excerpt":{"rendered":"<p>Anmelden zum Online-Erfahrungsaustausch zu Innovationen im digitalen Corporate Training. 21.09.2022<\/p>\n","protected":false},"author":2,"featured_media":4209,"comment_status":"closed","ping_status":"closed","sticky":false,"template":"","format":"standard","meta":{"jetpack_post_was_ever_published":false,"_jetpack_newsletter_access":"","_jetpack_dont_email_post_to_subs":false,"_jetpack_newsletter_tier_id":0,"_jetpack_memberships_contains_paywalled_content":false,"_jetpack_memberships_contains_paid_content":false,"footnotes":"","jetpack_publicize_message":"Dabei sein beim Online-Erfahrungsaustausch zu innovativen L\u00f6sungen im digitalen Training in Unternehmen. Was z\u00fcndet denn in Ihrem Unternehmen so?","jetpack_publicize_feature_enabled":true,"jetpack_social_post_already_shared":true,"jetpack_social_options":{"image_generator_settings":{"template":"highway","default_image_id":0,"font":"","enabled":false},"version":2}},"categories":[33,45],"tags":[318,295,317,26,291,315,313,21,314,241],"class_list":{"0":"post-4187","1":"post","2":"type-post","3":"status-publish","4":"format-standard","5":"has-post-thumbnail","6":"hentry","7":"category-trends","8":"category-veranstaltungen","9":"tag-3d","10":"tag-adaptives-lernen","11":"tag-badgets","12":"tag-corporate-training","13":"tag-digitales-training","14":"tag-externe-trainings","15":"tag-innovation","16":"tag-social-learning","17":"tag-vr-ar","18":"tag-zweites-fruehstueck","19":"clear","21":"fallback-thumbnail"},"jetpack_publicize_connections":[],"jetpack_featured_media_url":"https:\/\/i0.wp.com\/www.p-didakt.com\/blog\/wp-content\/uploads\/2022\/08\/2FR_20220921_Blog_b.jpg?fit=1298%2C854&ssl=1","jetpack_shortlink":"https:\/\/wp.me\/pc1qp1-15x","jetpack-related-posts":[],"jetpack_sharing_enabled":true,"_links":{"self":[{"href":"https:\/\/www.p-didakt.com\/blog\/wp-json\/wp\/v2\/posts\/4187","targetHints":{"allow":["GET"]}}],"collection":[{"href":"https:\/\/www.p-didakt.com\/blog\/wp-json\/wp\/v2\/posts"}],"about":[{"href":"https:\/\/www.p-didakt.com\/blog\/wp-json\/wp\/v2\/types\/post"}],"author":[{"embeddable":true,"href":"https:\/\/www.p-didakt.com\/blog\/wp-json\/wp\/v2\/users\/2"}],"replies":[{"embeddable":true,"href":"https:\/\/www.p-didakt.com\/blog\/wp-json\/wp\/v2\/comments?post=4187"}],"version-history":[{"count":16,"href":"https:\/\/www.p-didakt.com\/blog\/wp-json\/wp\/v2\/posts\/4187\/revisions"}],"predecessor-version":[{"id":4472,"href":"https:\/\/www.p-didakt.com\/blog\/wp-json\/wp\/v2\/posts\/4187\/revisions\/4472"}],"wp:featuredmedia":[{"embeddable":true,"href":"https:\/\/www.p-didakt.com\/blog\/wp-json\/wp\/v2\/media\/4209"}],"wp:attachment":[{"href":"https:\/\/www.p-didakt.com\/blog\/wp-json\/wp\/v2\/media?parent=4187"}],"wp:term":[{"taxonomy":"category","embeddable":true,"href":"https:\/\/www.p-didakt.com\/blog\/wp-json\/wp\/v2\/categories?post=4187"},{"taxonomy":"post_tag","embeddable":true,"href":"https:\/\/www.p-didakt.com\/blog\/wp-json\/wp\/v2\/tags?post=4187"}],"curies":[{"name":"wp","href":"https:\/\/api.w.org\/{rel}","templated":true}]}}