{"id":3866,"date":"2020-11-19T13:25:17","date_gmt":"2020-11-19T12:25:17","guid":{"rendered":"https:\/\/www.p-didakt.com\/blog\/?p=3866"},"modified":"2020-11-26T09:50:25","modified_gmt":"2020-11-26T08:50:25","slug":"digitales-zirkeltraining-fuer-den-gemeinsamen-muskelaufbau-zu-themen-des-digitalen-lernens","status":"publish","type":"post","link":"https:\/\/www.p-didakt.com\/blog\/digitales-zirkeltraining-fuer-den-gemeinsamen-muskelaufbau-zu-themen-des-digitalen-lernens\/","title":{"rendered":"Digitales Zirkeltraining\u2013 f\u00fcr den gemeinsamen Muskelaufbau zu Themen des digitalen Lernens."},"content":{"rendered":"\n<h3 class=\"wp-block-heading\">Bereit f\u00fcr einen kurzen Workout?<\/h3>\n\n\n\n<p>Weil wir aus \u00dcberzeugung den Austausch suchen und m\u00f6glich machen wollen, sprechen wir in einem <strong>Interview-Parcour mit Trainingsverantwortlichen<\/strong>, die in ihrer Akademie etwas bewegen wollen &#8211; und dazu Antworten und Fragen haben.<\/p>\n\n\n\n<p>Auftakt bildet die Fragerunde \u201e<strong>Corona-Futur II: Wir werden gelernt haben<\/strong>\u201c:<\/p>\n\n\n\n<!--more-->\n\n\n\n<p>Unsere Gegen\u00fcber berichten, welche <strong>Herausforderungen <\/strong>f\u00fcr sie im Alltag am gr\u00f6\u00dften sind, welche <strong>konkreten L\u00f6sungen<\/strong> sie f\u00fcr sich entwickelt haben \u2013 aber auch, wozu sie gern mit Kolleginnen und Kollegen <strong>Erfahrungen austauschen<\/strong> m\u00f6chten.<\/p>\n\n\n\n<h3 class=\"wp-block-heading\">Was konkret?<\/h3>\n\n\n\n<p>Sie pr\u00e4sentieren z. B. ihr Webinar-Studio, zeigen uns die Stellen, an denen ihr LMS sie ungl\u00fccklich macht, spiegeln mit uns Trainingsvorhaben und erz\u00e4hlen, \u00fcber welche Themen sie gern mit Kolleginnen und Kollegen reden w\u00fcrden, weil da vielleicht Musik f\u00fcr sie drin ist.<\/p>\n\n\n\n<p>Wir teilen die Ideen, Anregungen und Fragen \u2013 demn\u00e4chst auch hier im Blog \u2013 und nehmen sie mit in die Diskussionen im \u201e<a href=\"https:\/\/www.p-didakt.com\/blog\/einladung-zum-zweiten-fruehstueck-mit-themen-rund-ums-digitale-training\/\">Zweites Fr\u00fchst\u00fcck<\/a>\u201c, einem entspannten, themenbezogenen Austausch mit einer kleinen Gruppe von Trainingsverantwortlichen aus unterschiedlichen Branchen.<\/p>\n\n\n\n<h3 class=\"wp-block-heading\">Erste Einsch\u00e4tzungen:<\/h3>\n\n\n\n<blockquote class=\"wp-block-quote is-layout-flow wp-block-quote-is-layout-flow\"><p>\u201eVielen Dank auch an euch. Ich finde das ist eine ganz tolle Sache. Ich freu mich total, dass ich hier in den Austausch treten kann \u2013 auf diese etwas un\u00fcbliche Weise. Da kann man schon viel draus mitnehmen.\u201c<\/p><p>\u201eEs tut richtig gut, mal so gelenkt darauf zu gucken, was man alles gemacht hat. Ich teile gern auch unsere ganz konkreten Erfahrungen \u2013 z. B. mit Webinaren oder unserem LMS.\u201c<\/p><p>\u201eKennt ihr jemanden, dem das Thema \u201eagiles Lernen\u201c in den letzten Monaten Hilfestellung f\u00fcr den Trainingsalltag geben konnte? Dazu w\u00fcrde ich mich gern austauschen.\u201c<\/p><\/blockquote>\n\n\n\n<h3 class=\"wp-block-heading\">Unser Fazit<\/h3>\n\n\n\n<p>Die ersten Gespr\u00e4che waren f\u00fcr alle Beteiligten so ein Gewinn, dass wir gro\u00dfe Lust haben, das Format auszubauen.<\/p>\n\n\n\n<p>Sie m\u00f6chten auch mit Ihren Erfahrungen, Erkenntnissen und Fragen ins Gespr\u00e4ch gehen? Wir freuen uns auf Sie! Melden Sie sich bei Jasmin Hamadeh, <a href=\"ma&#105;&#108;&#116;&#x6f;&#x3a;&#x6a;&#x68;&#x40;p-&#100;&#105;&#100;&#x61;&#x6b;&#x74;&#x2e;&#x63;om\">j&#104;&#64;&#x70;&#x2d;&#x64;&#x69;d&#97;&#107;&#116;&#x2e;&#x63;&#x6f;m<\/a> oder rufen Sie einfach an: Tel. +49-40-43 27 66-984 | mobil +49-151-61 33 60 52<\/p>\n\n\n\n<hr class=\"wp-block-separator\"\/>\n\n\n\n<p>Bildrechte:<\/p>\n\n\n\n<p><sup><span class=\"has-inline-color has-cyan-bluish-gray-color\">Gewichtheber einzeln, Frau auf Ball:\u00a0 \u00a9 katemangostar \/ Freepik, weiterbearbeitet<br>Gewichtheber \u2013 zwei Personen: \u00a9 macrovector_official \/ Freepik, weiterbearbeitet<br>alle weiteren Sport-Grafiken: \u00a9 freepik, weiterbearbeitet<\/span><\/sup><\/p>\n","protected":false},"excerpt":{"rendered":"<p>In einem sportlichen Interview-Parcour sprechen wir mit Trainingsverantwortlichen dar\u00fcber, wie sie mit den Corona-Herausforderungen f\u00fcr ihre Akademie umgehen. Immer auf der Suche nach L\u00f6sungen, die \u00fcber Coroona hinausreichen. Wollen Si dabei sein?<\/p>\n","protected":false},"author":2,"featured_media":3868,"comment_status":"closed","ping_status":"closed","sticky":false,"template":"","format":"standard","meta":{"jetpack_post_was_ever_published":false,"_jetpack_newsletter_access":"","_jetpack_dont_email_post_to_subs":false,"_jetpack_newsletter_tier_id":0,"_jetpack_memberships_contains_paywalled_content":false,"_jetpack_memberships_contains_paid_content":false,"footnotes":"","jetpack_publicize_message":"Digitales Zirkeltraining\u2013 f\u00fcr den gemeinsamen Muskelaufbau zu Themen des digitalen Lernens.\nErfahrungen und Impulse aus einem Interview-Parcour.","jetpack_publicize_feature_enabled":true,"jetpack_social_post_already_shared":true,"jetpack_social_options":{"image_generator_settings":{"template":"highway","default_image_id":0,"font":"","enabled":false},"version":2}},"categories":[33,45],"tags":[244,56,52,246,245,238,243],"class_list":{"0":"post-3866","1":"post","2":"type-post","3":"status-publish","4":"format-standard","5":"has-post-thumbnail","6":"hentry","7":"category-trends","8":"category-veranstaltungen","9":"tag-corona","10":"tag-digitales-lernen","11":"tag-lms","12":"tag-trainingsverantwortliche","13":"tag-trainingsvorhaben","14":"tag-webinar","15":"tag-zirkeltraining","16":"clear","18":"fallback-thumbnail"},"jetpack_publicize_connections":[],"jetpack_featured_media_url":"https:\/\/i0.wp.com\/www.p-didakt.com\/blog\/wp-content\/uploads\/2020\/11\/Zirkeltraining_Titel_03.png?fit=1280%2C854&ssl=1","jetpack_shortlink":"https:\/\/wp.me\/pc1qp1-10m","jetpack-related-posts":[],"jetpack_sharing_enabled":true,"_links":{"self":[{"href":"https:\/\/www.p-didakt.com\/blog\/wp-json\/wp\/v2\/posts\/3866","targetHints":{"allow":["GET"]}}],"collection":[{"href":"https:\/\/www.p-didakt.com\/blog\/wp-json\/wp\/v2\/posts"}],"about":[{"href":"https:\/\/www.p-didakt.com\/blog\/wp-json\/wp\/v2\/types\/post"}],"author":[{"embeddable":true,"href":"https:\/\/www.p-didakt.com\/blog\/wp-json\/wp\/v2\/users\/2"}],"replies":[{"embeddable":true,"href":"https:\/\/www.p-didakt.com\/blog\/wp-json\/wp\/v2\/comments?post=3866"}],"version-history":[{"count":7,"href":"https:\/\/www.p-didakt.com\/blog\/wp-json\/wp\/v2\/posts\/3866\/revisions"}],"predecessor-version":[{"id":3882,"href":"https:\/\/www.p-didakt.com\/blog\/wp-json\/wp\/v2\/posts\/3866\/revisions\/3882"}],"wp:featuredmedia":[{"embeddable":true,"href":"https:\/\/www.p-didakt.com\/blog\/wp-json\/wp\/v2\/media\/3868"}],"wp:attachment":[{"href":"https:\/\/www.p-didakt.com\/blog\/wp-json\/wp\/v2\/media?parent=3866"}],"wp:term":[{"taxonomy":"category","embeddable":true,"href":"https:\/\/www.p-didakt.com\/blog\/wp-json\/wp\/v2\/categories?post=3866"},{"taxonomy":"post_tag","embeddable":true,"href":"https:\/\/www.p-didakt.com\/blog\/wp-json\/wp\/v2\/tags?post=3866"}],"curies":[{"name":"wp","href":"https:\/\/api.w.org\/{rel}","templated":true}]}}