{"id":3850,"date":"2020-11-19T13:25:44","date_gmt":"2020-11-19T12:25:44","guid":{"rendered":"https:\/\/www.p-didakt.com\/blog\/?p=3850"},"modified":"2021-02-05T15:13:01","modified_gmt":"2021-02-05T14:13:01","slug":"einladung-zum-zweiten-fruehstueck-mit-themen-rund-ums-digitale-training","status":"publish","type":"post","link":"https:\/\/www.p-didakt.com\/blog\/einladung-zum-zweiten-fruehstueck-mit-themen-rund-ums-digitale-training\/","title":{"rendered":"Einladung zum &#8222;Zweiten Fr\u00fchst\u00fcck&#8220; &#8211; mit Themen rund ums digitale Training"},"content":{"rendered":"\n<h3 class=\"wp-block-heading\">Teilen Sie unsere Liebe zum \u201eZweiten Fr\u00fchst\u00fcck\u201c?<\/h3>\n\n\n\n<p>Im Gegensatz zum \u201eErsten Fr\u00fchst\u00fcck\u201c, das nicht selten auf die Schnelle und als routinem\u00e4\u00dfiger Tagesordnungspunkt erledigt wird, ist das \u201eZweite Fr\u00fchst\u00fcck\u201c eine Entscheidung. Es ist ein Innehalten, ein \u201edas-g\u00f6nne-ich-mir-und-dann-geht-es-mit-neuem Schwung-weiter\u201c.<\/p>\n\n\n\n<p>In dieser Stimmung m\u00f6chten wir mit Ihnen zusammenkommen und \u2013 in bew\u00e4hrter p-didakt-Tradition \u2013 relevanten Austausch moderieren.<\/p>\n\n\n\n<p>Wir wollen in pers\u00f6nlicher Runde dar\u00fcber reden, wie Sie die Herausforderungen Ihrer Akademie in den letzten Monaten gemeistert haben \u2013 und vor allem: Wie sich aus den Erfahrungen und Erkenntnissen etwas entwickeln l\u00e4sst, das \u00fcber die Corona-Krise hinaus reicht.<\/p>\n\n\n\n<h3 class=\"wp-block-heading\"><strong>Das Format<\/strong><\/h3>\n\n\n\n<!--more-->\n\n\n\n<ul class=\"wp-block-list\"><li><strong>1,5 Stunden<\/strong> in kleiner Runde mit ca. <strong>10 Teilnehmern<\/strong> aus Unternehmen unterschiedlicher Branchen.<\/li><li>Themenauftakt ist ein <strong>Impuls-Vortrag aus Anwenderperspektive<\/strong>\u2013 mit Beispielen, Bildern, Geschichten aus dem Alltag. (Vielleicht von Ihnen?)<\/li><li>Jeder Teilnehmende bringt seine Herausforderungen mit, seine Erfahrungen, Impulse\u2026 \u2013 was er \/ sie gerade auf dem Tisch hat. Wir moderieren den <strong>Austausch<\/strong>, sammeln Key Take Aways &amp; suchen gemeinsam nach guten L\u00f6sungen.<\/li><li>Ja, <strong>online<\/strong>. Sehr schade &#8211; geht aber auch.<\/li><\/ul>\n\n\n\n<p class=\"has-cyan-bluish-gray-background-color has-background\">Das Format passt dann f\u00fcr Sie, wenn Sie reflektieren und teilen wollen, was in Ihrer Akademie aus dem Mut und der M\u00fche, neue Wege zu gehen, entstanden ist. Wenn wichtige Fragen offen sind, die Sie mit Kolleginnen und Kollegen diskutieren m\u00f6chten.<\/p>\n\n\n\n<h3 class=\"wp-block-heading\">Die Themen<\/h3>\n\n\n\n<p>Wir starten mit den TOP Themen unserer bisherigen Gespr\u00e4che:<\/p>\n\n\n\n<div class=\"wp-block-group\"><div class=\"wp-block-group__inner-container is-layout-flow wp-block-group-is-layout-flow\">\n<div class=\"wp-block-group\"><div class=\"wp-block-group__inner-container is-layout-flow wp-block-group-is-layout-flow\">\n<ul class=\"wp-block-list\"><li><strong>Wie digitalisiere ich meine Pr\u00e4senzseminare (1)?<\/strong> <br> Fokus Webinare<br>Mi, 13.01.2021, 10:30 &#8211; 12 Uhr<br>&#8211; Dank an alle Teilnehmenden f\u00fcr diese inspirierende Premiere! &#8211;<\/li><li><strong>Wie digitalisiere ich meine Pr\u00e4senzseminare (2)?<\/strong> <br> Fokus: Formate aller Art (Videos, WBTs, Vortragsaufzeichnungen, PDFs etc. &#8211; und ihr m\u00f6gliches Zusammenspiel).<br>Mi, 20.01.2021, 10:30 &#8211; 12 Uhr<br>&#8211; Dank an alle Teilnehmenden f\u00fcr den anregenden Austausch und den kr\u00e4ftigen R\u00fcckenwind f\u00fcr das Format! &#8211;<br><\/li><li><strong>Und was nutzt ihr? Webinar- und Kollaborationstools<\/strong>. <br>Erlebte Grenzen und M\u00f6glichkeiten.<br>Mi, 17.02.2021, 10:30 &#8211; 12 Uhr <\/li><li><strong>Mehr denn je: Motivation &amp; Lernkultur<\/strong>. <br>Hat der Lockdown R\u00fcckenwind gegeben \u2013 oder die Not verst\u00e4rkt?<br>Mi, 24.03.2021, 10:30 &#8211; 12 Uhr<\/li><li>und auf mehrfachen Wunsch bisheriger Teilnehmer\/innen:<br><strong>Ein Erfahrungsaustausch zu Learning Management Systemen<\/strong><br>Mi, 28.04.2021, 10:30 &#8211; 12 Uhr<\/li><\/ul>\n<\/div><\/div>\n<\/div><\/div>\n\n\n\n<p><\/p>\n\n\n\n<p>Die Themen \u2013 und die Idee zum Zweiten Fr\u00fchst\u00fcck &#8211; stammen \u00fcbrigens u. a. aus unserem \u201e<a href=\"https:\/\/www.p-didakt.com\/blog\/digitales-zirkeltraining-fuer-den-gemeinsamen-muskelaufbau-zu-themen-des-digitalen-lernens\/\">digitalen Zirkeltraining<\/a>\u201c, einem kurzen Gespr\u00e4chs-Parcour zu aktuellen Themen des digitalen Trainings.<\/p>\n\n\n\n<figure class=\"wp-block-image size-large\"><a href=\"https:\/\/www.p-didakt.com\/blog\/digitales-zirkeltraining-fuer-den-gemeinsamen-muskelaufbau-zu-themen-des-digitalen-lernens\/\"><img data-recalc-dims=\"1\" loading=\"lazy\" decoding=\"async\" width=\"736\" height=\"491\" data-attachment-id=\"3868\" data-permalink=\"https:\/\/www.p-didakt.com\/blog\/digitales-zirkeltraining-fuer-den-gemeinsamen-muskelaufbau-zu-themen-des-digitalen-lernens\/zirkeltraining_titel_03\/\" data-orig-file=\"https:\/\/i0.wp.com\/www.p-didakt.com\/blog\/wp-content\/uploads\/2020\/11\/Zirkeltraining_Titel_03.png?fit=1280%2C854&amp;ssl=1\" data-orig-size=\"1280,854\" data-comments-opened=\"0\" data-image-meta=\"{&quot;aperture&quot;:&quot;0&quot;,&quot;credit&quot;:&quot;&quot;,&quot;camera&quot;:&quot;&quot;,&quot;caption&quot;:&quot;&quot;,&quot;created_timestamp&quot;:&quot;0&quot;,&quot;copyright&quot;:&quot;&quot;,&quot;focal_length&quot;:&quot;0&quot;,&quot;iso&quot;:&quot;0&quot;,&quot;shutter_speed&quot;:&quot;0&quot;,&quot;title&quot;:&quot;&quot;,&quot;orientation&quot;:&quot;0&quot;}\" data-image-title=\"Zirkeltraining_Titel_03\" data-image-description=\"\" data-image-caption=\"\" data-large-file=\"https:\/\/i0.wp.com\/www.p-didakt.com\/blog\/wp-content\/uploads\/2020\/11\/Zirkeltraining_Titel_03.png?fit=736%2C491&amp;ssl=1\" src=\"https:\/\/i0.wp.com\/www.p-didakt.com\/blog\/wp-content\/uploads\/2020\/11\/Zirkeltraining_Titel_03.png?resize=736%2C491&#038;ssl=1\" alt=\"\" class=\"wp-image-3868\" srcset=\"https:\/\/i0.wp.com\/www.p-didakt.com\/blog\/wp-content\/uploads\/2020\/11\/Zirkeltraining_Titel_03.png?resize=1024%2C683&amp;ssl=1 1024w, https:\/\/i0.wp.com\/www.p-didakt.com\/blog\/wp-content\/uploads\/2020\/11\/Zirkeltraining_Titel_03.png?resize=300%2C200&amp;ssl=1 300w, https:\/\/i0.wp.com\/www.p-didakt.com\/blog\/wp-content\/uploads\/2020\/11\/Zirkeltraining_Titel_03.png?resize=768%2C512&amp;ssl=1 768w, https:\/\/i0.wp.com\/www.p-didakt.com\/blog\/wp-content\/uploads\/2020\/11\/Zirkeltraining_Titel_03.png?resize=600%2C400&amp;ssl=1 600w, https:\/\/i0.wp.com\/www.p-didakt.com\/blog\/wp-content\/uploads\/2020\/11\/Zirkeltraining_Titel_03.png?w=1280&amp;ssl=1 1280w\" sizes=\"auto, (max-width: 736px) 100vw, 736px\" \/><\/a><\/figure>\n\n\n\n<h3 class=\"wp-block-heading\">Anmelden zum &#8222;Zweiten Fr\u00fchst\u00fcck&#8220;<\/h3>\n\n\n\n<p>Sind Sie dabei? <\/p>\n\n\n\n<p>F\u00fcr welches Thema reservieren wir Ihnen einen Platz in unserer digitalen Fr\u00fchst\u00fccksrunde? Wir sind gespannt. Schicken Sie uns eine Mail  an <a rel=\"noreferrer noopener\" href=\"&#x6d;&#x61;&#x69;&#x6c;&#x74;&#x6f;&#x3a;&#x69;&#110;&#102;&#111;&#64;&#112;&#45;&#100;idak&#x74;&#x2e;&#x63;&#x6f;&#x6d;\" target=\"_blank\">&#x69;&#x6e;&#x66;&#x6f;&#x40;&#x70;&#x2d;&#x64;&#x69;&#x64;&#x61;&#x6b;&#x74;&#x2e;&#x63;&#x6f;&#x6d;<\/a> <\/p>\n\n\n\n<p>Weitere Termine folgen, abgestimmt auf Ihre R\u00fcckmeldungen zu Themen, Termin und Format.<\/p>\n\n\n\n<p class=\"has-text-color has-small-font-size\" style=\"color:#64676a\">Bildnachweis: Titelbild (c) Shutterstock | dennispentek<\/p>\n\n\n\n<p><\/p>\n","protected":false},"excerpt":{"rendered":"<p>&#8222;Bring your own Challenge&#8220;. Einladung zum Austausch in pers\u00f6nlicher Runde. Wir bringen Trainingsverantwortliche zusammen, teilen Erfahrungen und ungel\u00f6ste Herausforderungen und moderieren den Weg zu L\u00f6sungen.<\/p>\n","protected":false},"author":2,"featured_media":3862,"comment_status":"closed","ping_status":"closed","sticky":false,"template":"","format":"standard","meta":{"jetpack_post_was_ever_published":false,"_jetpack_newsletter_access":"","_jetpack_dont_email_post_to_subs":false,"_jetpack_newsletter_tier_id":0,"_jetpack_memberships_contains_paywalled_content":false,"_jetpack_memberships_contains_paid_content":false,"footnotes":"","jetpack_publicize_message":"Einladung zum \"Zweiten Fr\u00fchst\u00fcck\" - mit Themen rund ums digitale Training. Safe the Date: 13.01.2021, 10:30-12 Uhr: \"Wie digitalisiere ich meine Pr\u00e4senzseminare? Erfahrungen aller Art.\"","jetpack_publicize_feature_enabled":true,"jetpack_social_post_already_shared":true,"jetpack_social_options":{"image_generator_settings":{"template":"highway","default_image_id":0,"font":"","enabled":false},"version":2}},"categories":[33,45],"tags":[242,154,237,240,239,46,235,238,236,241],"class_list":{"0":"post-3850","1":"post","2":"type-post","3":"status-publish","4":"format-standard","5":"has-post-thumbnail","6":"hentry","7":"category-trends","8":"category-veranstaltungen","9":"tag-digitales-zirkeltraining","10":"tag-erfahrungsaustausch","11":"tag-kollaborationstools","12":"tag-lernkultur","13":"tag-motivation","14":"tag-p-didakt","15":"tag-praesenzseminare-digitalisieren","16":"tag-webinar","17":"tag-webinartools","18":"tag-zweites-fruehstueck","19":"clear","21":"fallback-thumbnail"},"jetpack_publicize_connections":[],"jetpack_featured_media_url":"https:\/\/i0.wp.com\/www.p-didakt.com\/blog\/wp-content\/uploads\/2020\/11\/shutterstock_1251571957_Blog_Titelbild.jpg?fit=1280%2C853&ssl=1","jetpack_shortlink":"https:\/\/wp.me\/pc1qp1-106","jetpack-related-posts":[],"jetpack_sharing_enabled":true,"_links":{"self":[{"href":"https:\/\/www.p-didakt.com\/blog\/wp-json\/wp\/v2\/posts\/3850","targetHints":{"allow":["GET"]}}],"collection":[{"href":"https:\/\/www.p-didakt.com\/blog\/wp-json\/wp\/v2\/posts"}],"about":[{"href":"https:\/\/www.p-didakt.com\/blog\/wp-json\/wp\/v2\/types\/post"}],"author":[{"embeddable":true,"href":"https:\/\/www.p-didakt.com\/blog\/wp-json\/wp\/v2\/users\/2"}],"replies":[{"embeddable":true,"href":"https:\/\/www.p-didakt.com\/blog\/wp-json\/wp\/v2\/comments?post=3850"}],"version-history":[{"count":18,"href":"https:\/\/www.p-didakt.com\/blog\/wp-json\/wp\/v2\/posts\/3850\/revisions"}],"predecessor-version":[{"id":3935,"href":"https:\/\/www.p-didakt.com\/blog\/wp-json\/wp\/v2\/posts\/3850\/revisions\/3935"}],"wp:featuredmedia":[{"embeddable":true,"href":"https:\/\/www.p-didakt.com\/blog\/wp-json\/wp\/v2\/media\/3862"}],"wp:attachment":[{"href":"https:\/\/www.p-didakt.com\/blog\/wp-json\/wp\/v2\/media?parent=3850"}],"wp:term":[{"taxonomy":"category","embeddable":true,"href":"https:\/\/www.p-didakt.com\/blog\/wp-json\/wp\/v2\/categories?post=3850"},{"taxonomy":"post_tag","embeddable":true,"href":"https:\/\/www.p-didakt.com\/blog\/wp-json\/wp\/v2\/tags?post=3850"}],"curies":[{"name":"wp","href":"https:\/\/api.w.org\/{rel}","templated":true}]}}